{"id":5476,"date":"2026-04-28T08:00:00","date_gmt":"2026-04-28T11:00:00","guid":{"rendered":"https:\/\/doeringdarcie.com.br\/?p=5476"},"modified":"2026-04-23T09:59:20","modified_gmt":"2026-04-23T12:59:20","slug":"crimes-ambientais-empresariais-quando-o-gestor-pode-ser-responsabilizado-pessoalmente","status":"publish","type":"post","link":"https:\/\/doeringdarcie.com.br\/en\/crimes-ambientais-empresariais-quando-o-gestor-pode-ser-responsabilizado-pessoalmente\/","title":{"rendered":"Crimes ambientais empresariais: quando o gestor pode ser responsabilizado pessoalmente"},"content":{"rendered":"<p>Os crimes ambientais empresariais s\u00e3o uma das maiores preocupa\u00e7\u00f5es do mundo corporativo atual. Cada vez mais, o poder p\u00fablico e a sociedade cobram das empresas uma postura respons\u00e1vel em rela\u00e7\u00e3o ao meio ambiente.&nbsp;<\/p>\n\n\n\n<p>O que muita gente ainda n\u00e3o percebeu \u00e9 que, em muitos casos, n\u00e3o \u00e9 apenas a empresa que pode ser punida, o gestor, o administrador ou o respons\u00e1vel direto tamb\u00e9m podem responder pessoalmente por danos ambientais.<\/p>\n\n\n\n<p>Com leis rigorosas e fiscaliza\u00e7\u00e3o mais ativa, entender quando h\u00e1 responsabiliza\u00e7\u00e3o individual \u00e9 fundamental para prevenir riscos e proteger tanto a empresa quanto a integridade jur\u00eddica dos seus dirigentes.<\/p>\n\n\n\n<h2 class=\"wp-block-heading\"><strong>Crimes ambientais empresariais: o que s\u00e3o e como ocorrem<\/strong><\/h2>\n\n\n\n<p>Os crimes ambientais empresariais s\u00e3o infra\u00e7\u00f5es previstas na Lei n\u00ba 9.605\/1998, conhecida como Lei de Crimes Ambientais.&nbsp;<\/p>\n\n\n\n<p>Ela define condutas lesivas ao meio ambiente e estabelece penalidades tanto para pessoas f\u00edsicas quanto jur\u00eddicas.<\/p>\n\n\n\n<p>No caso das empresas, essas infra\u00e7\u00f5es podem ocorrer em diversos contextos. Por exemplo:<\/p>\n\n\n\n<ul class=\"wp-block-list\">\n<li>Descarte irregular de res\u00edduos industriais;<\/li>\n\n\n\n<li>Polui\u00e7\u00e3o de rios, solos ou ar;<\/li>\n\n\n\n<li>Desmatamento ilegal;<\/li>\n\n\n\n<li>Comercializa\u00e7\u00e3o de produtos sem licen\u00e7a ambiental;<\/li>\n\n\n\n<li>Falta de tratamento adequado de efluentes,<\/li>\n\n\n\n<li>Transporte ou armazenamento incorreto de subst\u00e2ncias t\u00f3xicas.<\/li>\n<\/ul>\n\n\n\n<p>Essas pr\u00e1ticas n\u00e3o afetam apenas o ecossistema, mas tamb\u00e9m podem gerar s\u00e9rios preju\u00edzos \u00e0 imagem e \u00e0 sustentabilidade financeira das organiza\u00e7\u00f5es.&nbsp;<\/p>\n\n\n\n<p>O gestor, por sua vez, passa a ser alvo de investiga\u00e7\u00e3o quando se comprova que agiu com dolo (inten\u00e7\u00e3o) ou culpa (neglig\u00eancia, imprud\u00eancia ou imper\u00edcia) na condu\u00e7\u00e3o da atividade.<\/p>\n\n\n\n<p>Em outras palavras: se o dirigente sabia dos riscos e nada fez para evitar o dano ambiental, pode ser responsabilizado pessoalmente.<\/p>\n\n\n\n<p><strong>Quando o gestor pode ser responsabilizado pessoalmente por crimes ambientais<\/strong><strong> <\/strong><strong>empresariais<\/strong><\/p>\n\n\n\n<p>A responsabilidade pessoal do gestor em crimes ambientais empresariais \u00e9 um tema sens\u00edvel, pois envolve distinguir as a\u00e7\u00f5es da empresa das atitudes individuais de seus administradores.&nbsp;<\/p>\n\n\n\n<p>A lei \u00e9 clara ao afirmar que as pessoas jur\u00eddicas podem ser responsabilizadas penalmente, mas isso n\u00e3o exclui a possibilidade de puni\u00e7\u00e3o aos gestores que tenham contribu\u00eddo para o crime.<\/p>\n\n\n\n<p>De modo geral, o dirigente pode responder criminalmente quando:<\/p>\n\n\n\n<h3 class=\"wp-block-heading\"><strong>Tiver participa\u00e7\u00e3o direta na infra\u00e7\u00e3o ambiental<\/strong><\/h3>\n\n\n\n<p>Se o gestor autorizou, ordenou ou participou da pr\u00e1tica irregular, ele ser\u00e1 correspons\u00e1vel.&nbsp;<\/p>\n\n\n\n<p>Isso vale, por exemplo, para diretores que deliberam despejos de res\u00edduos sem licen\u00e7a ou aprova\u00e7\u00f5es ambientais.<\/p>\n\n\n\n<h3 class=\"wp-block-heading\"><strong>Agir com neglig\u00eancia na fiscaliza\u00e7\u00e3o interna<\/strong><\/h3>\n\n\n\n<p>Mesmo que n\u00e3o tenha ordenado o ato il\u00edcito, o administrador pode ser responsabilizado se n\u00e3o adotar medidas de controle, preven\u00e7\u00e3o ou fiscaliza\u00e7\u00e3o das atividades que geraram o dano. A omiss\u00e3o tamb\u00e9m \u00e9 uma forma de culpa.<\/p>\n\n\n\n<h3 class=\"wp-block-heading\"><strong>Houver prova de benef\u00edcio direto ou indireto<\/strong><\/h3>\n\n\n\n<p>Se a a\u00e7\u00e3o ou omiss\u00e3o do gestor resultou em lucro para a empresa ou vantagem pessoal, a responsabilidade \u00e9 ainda mais evidente. O benef\u00edcio econ\u00f4mico obtido \u00e0 custa do meio ambiente agrava a pena e refor\u00e7a o dolo.<\/p>\n\n\n\n<h3 class=\"wp-block-heading\"><strong>N\u00e3o cumprir normas e licen\u00e7as ambientais<\/strong><\/h3>\n\n\n\n<p>Empresas que operam sem licen\u00e7a ambiental, que descumprem condicionantes ou n\u00e3o apresentam relat\u00f3rios obrigat\u00f3rios podem gerar responsabiliza\u00e7\u00e3o pessoal de quem tem poder de decis\u00e3o sobre essas obriga\u00e7\u00f5es.<\/p>\n\n\n\n<h3 class=\"wp-block-heading\"><strong>Tentar ocultar o dano ambiental<\/strong><\/h3>\n\n\n\n<p>Gestores que buscam mascarar os efeitos de uma polui\u00e7\u00e3o, omitir dados ou dificultar a a\u00e7\u00e3o fiscalizadora tamb\u00e9m incorrem em crime. A tentativa de esconder o problema \u00e9 vista pela Justi\u00e7a como agravante.<\/p>\n\n\n\n<p>Em resumo, o que define a responsabiliza\u00e7\u00e3o n\u00e3o \u00e9 o cargo em si, mas o grau de envolvimento, decis\u00e3o ou omiss\u00e3o do gestor em rela\u00e7\u00e3o ao dano ambiental.<\/p>\n\n\n\n<h2 class=\"wp-block-heading\"><strong>Crimes ambientais empresariais: penalidades aplic\u00e1veis aos gestores<\/strong><\/h2>\n\n\n\n<p>As penalidades para quem pratica crimes ambientais empresariais podem variar conforme a gravidade do fato e a extens\u00e3o do dano causado. As principais san\u00e7\u00f5es previstas s\u00e3o:<\/p>\n\n\n\n<ul class=\"wp-block-list\">\n<li><strong>Deten\u00e7\u00e3o ou reclus\u00e3o:<\/strong> a depender do tipo de crime, a pena pode chegar a at\u00e9 5 anos.<\/li>\n\n\n\n<li><a href=\"https:\/\/doeringdarcie.com.br\/en\/recebeu-uma-multa-ambiental-saiba-o-que-acontece-caso-nao-regularize-a-situacao\/\"><strong>Multas<\/strong><\/a><strong> pessoais:<\/strong> valores que podem ser altos, aplicados individualmente ao respons\u00e1vel.<\/li>\n\n\n\n<li><strong>Presta\u00e7\u00e3o de servi\u00e7os \u00e0 comunidade:<\/strong> muitas vezes exigida em substitui\u00e7\u00e3o \u00e0 pena de pris\u00e3o.<\/li>\n\n\n\n<li><strong>Proibi\u00e7\u00e3o de contratar com o poder p\u00fablico:<\/strong> medida que pode afetar a carreira do gestor.<\/li>\n<\/ul>\n\n\n\n<p>Al\u00e9m das puni\u00e7\u00f5es penais, existem ainda consequ\u00eancias administrativas e civis, como indeniza\u00e7\u00f5es, perda de cargo, bloqueio de bens , assim como danos \u00e0 reputa\u00e7\u00e3o profissional.<\/p>\n\n\n\n<p>Por isso, a preven\u00e7\u00e3o \u00e9 o melhor caminho. Agir de forma proativa na gest\u00e3o ambiental n\u00e3o \u00e9 apenas uma obriga\u00e7\u00e3o legal, mas tamb\u00e9m uma demonstra\u00e7\u00e3o de \u00e9tica e responsabilidade corporativa.<\/p>\n\n\n\n<p><strong>Crimes ambientais empresariais: boas pr\u00e1ticas para prevenir a responsabiliza\u00e7\u00e3o<\/strong><strong> <\/strong><strong>pessoal<\/strong><\/p>\n\n\n\n<p>Evitar problemas relacionados a crimes ambientais empresariais exige uma postura preventiva e comprometida com a conformidade legal. Algumas medidas ajudam a reduzir significativamente os riscos. Por exemplo:<\/p>\n\n\n\n<h3 class=\"wp-block-heading\"><strong>Implementar programas de compliance ambiental<\/strong><\/h3>\n\n\n\n<p>Ter um sistema de governan\u00e7a voltado para a gest\u00e3o ambiental \u00e9 essencial. Isso inclui auditorias peri\u00f3dicas, acompanhamento de licen\u00e7as, relat\u00f3rios de impacto e treinamentos internos.<\/p>\n\n\n\n<h3 class=\"wp-block-heading\"><strong>Manter registros e documentos atualizados<\/strong><\/h3>\n\n\n\n<p>Guardar todas as autoriza\u00e7\u00f5es, licen\u00e7as, laudos e relat\u00f3rios ambientais \u00e9 fundamental. Afinal, esses documentos podem servir como prova de que a empresa agiu com dilig\u00eancia.<\/p>\n\n\n\n<h3 class=\"wp-block-heading\"><strong>Capacitar as equipes e os gestores<\/strong><\/h3>\n\n\n\n<p>Treinar colaboradores e dirigentes sobre legisla\u00e7\u00e3o ambiental e pr\u00e1ticas sustent\u00e1veis ajuda a criar uma cultura de responsabilidade coletiva.<\/p>\n\n\n\n<h3 class=\"wp-block-heading\"><strong>Adotar medidas imediatas em caso de incidentes<\/strong><\/h3>\n\n\n\n<p>Se ocorrer algum vazamento ou dano, a empresa deve agir r\u00e1pido: comunicar os \u00f3rg\u00e3os competentes, registrar o ocorrido e adotar medidas de repara\u00e7\u00e3o. Afinal, a transpar\u00eancia conta muito na an\u00e1lise jur\u00eddica do caso.<\/p>\n\n\n\n<h3 class=\"wp-block-heading\"><strong>Consultar assessoria jur\u00eddica especializada<\/strong><\/h3>\n\n\n\n<p>Contar com advogados que compreendam a legisla\u00e7\u00e3o ambiental e empresarial \u00e9 essencial para prevenir infra\u00e7\u00f5es, bem como para garantir que todas as decis\u00f5es estejam amparadas legalmente.<\/p>\n\n\n\n<h2 class=\"wp-block-heading\"><strong>Responsabilidade ambiental: um compromisso que vai al\u00e9m da lei<\/strong><\/h2>\n\n\n\n<p>Mais do que cumprir a legisla\u00e7\u00e3o, as empresas e seus gestores precisam compreender que a responsabilidade ambiental \u00e9 parte do compromisso social e \u00e9tico dos neg\u00f3cios modernos.&nbsp;<\/p>\n\n\n\n<p>Al\u00e9m disso, em um mercado cada vez mais exigente, adotar boas pr\u00e1ticas ambientais n\u00e3o \u00e9 apenas uma obriga\u00e7\u00e3o, \u00e9 um diferencial competitivo.<\/p>\n\n\n\n<p>Afinal de contas, empresas que investem em sustentabilidade e transpar\u00eancia ganham credibilidade, atraem investidores e se destacam diante dos consumidores. Ali\u00e1s, elas tamb\u00e9m reduzem os <a href=\"https:\/\/doeringdarcie.com.br\/en\/a-importancia-do-advogado-corporativo-na-mitigacao-de-riscos-empresariais\/\">riscos<\/a> de processos, multas e danos \u00e0 imagem.<\/p>\n\n\n\n<p>Nesse contexto, o papel do gestor \u00e9 fundamental, pois ele \u00e9 o elo entre a estrat\u00e9gia corporativa e a responsabilidade socioambiental.&nbsp;<\/p>\n\n\n\n<p>Suas decis\u00f5es impactam diretamente o meio ambiente, a reputa\u00e7\u00e3o da empresa e at\u00e9 o pr\u00f3prio futuro da organiza\u00e7\u00e3o.<\/p>\n\n\n\n<p><strong>Crimes ambientais empresariais: responsabilidade que exige preparo e orienta\u00e7\u00e3o<\/strong><strong> <\/strong><strong>jur\u00eddica<\/strong><\/p>\n\n\n\n<p>Os crimes ambientais empresariais s\u00e3o uma realidade que exige aten\u00e7\u00e3o redobrada de quem ocupa cargos de lideran\u00e7a.&nbsp;<\/p>\n\n\n\n<p>Por isso, entender as regras, agir de forma preventiva e manter uma conduta \u00e9tica s\u00e3o atitudes que protegem o gestor e fortalecem a imagem da empresa.<\/p>\n\n\n\n<p>N\u00f3s, da <a href=\"https:\/\/doeringdarcie.com.br\/en\/\">Doering &amp; Darcie \u2013 Advocacia e Consultoria<\/a>, sabemos que o dia a dia empresarial \u00e9 cheio de desafios e decis\u00f5es complexas.&nbsp;<\/p>\n\n\n\n<p>Por isso, nosso papel \u00e9 oferecer seguran\u00e7a jur\u00eddica e solu\u00e7\u00f5es estrat\u00e9gicas para que gestores e empresas atuem dentro da lei, evitando riscos e construindo um legado de responsabilidade e sustentabilidade.<\/p>\n\n\n\n<p><a href=\"https:\/\/doeringdarcie.com.br\/en\/contato\/\">Se voc\u00ea busca orienta\u00e7\u00e3o para prevenir ou lidar com quest\u00f5es ambientais, conte conosco!<\/a> Estamos prontos para te ajudar a proteger o seu neg\u00f3cio e o meio ambiente com seguran\u00e7a, transpar\u00eancia e excel\u00eancia jur\u00eddica.<\/p>","protected":false},"excerpt":{"rendered":"<p>Veja como os crimes ambientais empresariais podem gerar responsabilidade pessoal ao gestor e como prevenir riscos com seguran\u00e7a jur\u00eddica.<\/p>","protected":false},"author":1,"featured_media":5542,"comment_status":"closed","ping_status":"closed","sticky":false,"template":"","format":"standard","meta":{"footnotes":""},"categories":[147],"tags":[],"class_list":["post-5476","post","type-post","status-publish","format-standard","has-post-thumbnail","hentry","category-advocacia-e-consultoria"],"yoast_head":"<!-- This site is optimized with the Yoast SEO plugin v27.4 - https:\/\/yoast.com\/product\/yoast-seo-wordpress\/ -->\n<title>Crimes ambientais empresariais: quando responsabilizar o gestor<\/title>\n<meta name=\"description\" content=\"Veja como os crimes ambientais empresariais podem gerar responsabilidade pessoal ao gestor e como prevenir riscos com seguran\u00e7a jur\u00eddica.\" \/>\n<meta name=\"robots\" content=\"index, follow, max-snippet:-1, max-image-preview:large, max-video-preview:-1\" \/>\n<link rel=\"canonical\" href=\"https:\/\/doeringdarcie.com.br\/en\/crimes-ambientais-empresariais-quando-o-gestor-pode-ser-responsabilizado-pessoalmente\/\" \/>\n<meta property=\"og:locale\" content=\"en_US\" \/>\n<meta property=\"og:type\" content=\"article\" \/>\n<meta property=\"og:title\" content=\"Crimes ambientais empresariais: quando responsabilizar o gestor\" \/>\n<meta property=\"og:description\" content=\"Veja como os crimes ambientais empresariais podem gerar responsabilidade pessoal ao gestor e como prevenir riscos com seguran\u00e7a jur\u00eddica.\" \/>\n<meta property=\"og:url\" content=\"https:\/\/doeringdarcie.com.br\/en\/crimes-ambientais-empresariais-quando-o-gestor-pode-ser-responsabilizado-pessoalmente\/\" \/>\n<meta property=\"og:site_name\" content=\"Doering &amp; Darcie\" \/>\n<meta property=\"article:published_time\" content=\"2026-04-28T11:00:00+00:00\" \/>\n<meta property=\"og:image\" content=\"https:\/\/doeringdarcie.com.br\/wp-content\/uploads\/2026\/04\/crimes-ambientais-empresariais-scaled.webp\" \/>\n\t<meta property=\"og:image:width\" content=\"2560\" \/>\n\t<meta property=\"og:image:height\" content=\"1707\" \/>\n\t<meta property=\"og:image:type\" content=\"image\/webp\" \/>\n<meta name=\"author\" content=\"Doering &amp; Darcie\" \/>\n<meta name=\"twitter:card\" content=\"summary_large_image\" \/>\n<meta name=\"twitter:label1\" content=\"Written by\" \/>\n\t<meta name=\"twitter:data1\" content=\"Doering &amp; Darcie\" \/>\n\t<meta name=\"twitter:label2\" content=\"Est. reading time\" \/>\n\t<meta name=\"twitter:data2\" content=\"7 minutes\" \/>\n<script type=\"application\/ld+json\" class=\"yoast-schema-graph\">{\"@context\":\"https:\\\/\\\/schema.org\",\"@graph\":[{\"@type\":\"Article\",\"@id\":\"https:\\\/\\\/doeringdarcie.com.br\\\/crimes-ambientais-empresariais-quando-o-gestor-pode-ser-responsabilizado-pessoalmente\\\/#article\",\"isPartOf\":{\"@id\":\"https:\\\/\\\/doeringdarcie.com.br\\\/crimes-ambientais-empresariais-quando-o-gestor-pode-ser-responsabilizado-pessoalmente\\\/\"},\"author\":{\"name\":\"Doering &amp; Darcie\",\"@id\":\"https:\\\/\\\/doeringdarcie.com.br\\\/#\\\/schema\\\/person\\\/ed3865e5630be47a6a347d998f4d300e\"},\"headline\":\"Crimes ambientais empresariais: quando o gestor pode ser responsabilizado pessoalmente\",\"datePublished\":\"2026-04-28T11:00:00+00:00\",\"mainEntityOfPage\":{\"@id\":\"https:\\\/\\\/doeringdarcie.com.br\\\/crimes-ambientais-empresariais-quando-o-gestor-pode-ser-responsabilizado-pessoalmente\\\/\"},\"wordCount\":1308,\"image\":{\"@id\":\"https:\\\/\\\/doeringdarcie.com.br\\\/crimes-ambientais-empresariais-quando-o-gestor-pode-ser-responsabilizado-pessoalmente\\\/#primaryimage\"},\"thumbnailUrl\":\"https:\\\/\\\/doeringdarcie.com.br\\\/wp-content\\\/uploads\\\/2026\\\/04\\\/crimes-ambientais-empresariais-scaled.webp\",\"articleSection\":[\"Advocacia e Consultoria\"],\"inLanguage\":\"en-US\"},{\"@type\":\"WebPage\",\"@id\":\"https:\\\/\\\/doeringdarcie.com.br\\\/crimes-ambientais-empresariais-quando-o-gestor-pode-ser-responsabilizado-pessoalmente\\\/\",\"url\":\"https:\\\/\\\/doeringdarcie.com.br\\\/crimes-ambientais-empresariais-quando-o-gestor-pode-ser-responsabilizado-pessoalmente\\\/\",\"name\":\"Crimes ambientais empresariais: quando responsabilizar o gestor\",\"isPartOf\":{\"@id\":\"https:\\\/\\\/doeringdarcie.com.br\\\/#website\"},\"primaryImageOfPage\":{\"@id\":\"https:\\\/\\\/doeringdarcie.com.br\\\/crimes-ambientais-empresariais-quando-o-gestor-pode-ser-responsabilizado-pessoalmente\\\/#primaryimage\"},\"image\":{\"@id\":\"https:\\\/\\\/doeringdarcie.com.br\\\/crimes-ambientais-empresariais-quando-o-gestor-pode-ser-responsabilizado-pessoalmente\\\/#primaryimage\"},\"thumbnailUrl\":\"https:\\\/\\\/doeringdarcie.com.br\\\/wp-content\\\/uploads\\\/2026\\\/04\\\/crimes-ambientais-empresariais-scaled.webp\",\"datePublished\":\"2026-04-28T11:00:00+00:00\",\"author\":{\"@id\":\"https:\\\/\\\/doeringdarcie.com.br\\\/#\\\/schema\\\/person\\\/ed3865e5630be47a6a347d998f4d300e\"},\"description\":\"Veja como os crimes ambientais empresariais podem gerar responsabilidade pessoal ao gestor e como prevenir riscos com seguran\u00e7a jur\u00eddica.\",\"breadcrumb\":{\"@id\":\"https:\\\/\\\/doeringdarcie.com.br\\\/crimes-ambientais-empresariais-quando-o-gestor-pode-ser-responsabilizado-pessoalmente\\\/#breadcrumb\"},\"inLanguage\":\"en-US\",\"potentialAction\":[{\"@type\":\"ReadAction\",\"target\":[\"https:\\\/\\\/doeringdarcie.com.br\\\/crimes-ambientais-empresariais-quando-o-gestor-pode-ser-responsabilizado-pessoalmente\\\/\"]}]},{\"@type\":\"ImageObject\",\"inLanguage\":\"en-US\",\"@id\":\"https:\\\/\\\/doeringdarcie.com.br\\\/crimes-ambientais-empresariais-quando-o-gestor-pode-ser-responsabilizado-pessoalmente\\\/#primaryimage\",\"url\":\"https:\\\/\\\/doeringdarcie.com.br\\\/wp-content\\\/uploads\\\/2026\\\/04\\\/crimes-ambientais-empresariais-scaled.webp\",\"contentUrl\":\"https:\\\/\\\/doeringdarcie.com.br\\\/wp-content\\\/uploads\\\/2026\\\/04\\\/crimes-ambientais-empresariais-scaled.webp\",\"width\":2560,\"height\":1707,\"caption\":\"Imagem de Freepik\"},{\"@type\":\"BreadcrumbList\",\"@id\":\"https:\\\/\\\/doeringdarcie.com.br\\\/crimes-ambientais-empresariais-quando-o-gestor-pode-ser-responsabilizado-pessoalmente\\\/#breadcrumb\",\"itemListElement\":[{\"@type\":\"ListItem\",\"position\":1,\"name\":\"In\u00edcio\",\"item\":\"https:\\\/\\\/doeringdarcie.com.br\\\/\"},{\"@type\":\"ListItem\",\"position\":2,\"name\":\"Crimes ambientais empresariais: quando o gestor pode ser responsabilizado pessoalmente\"}]},{\"@type\":\"WebSite\",\"@id\":\"https:\\\/\\\/doeringdarcie.com.br\\\/#website\",\"url\":\"https:\\\/\\\/doeringdarcie.com.br\\\/\",\"name\":\"Doering &amp; Darcie\",\"description\":\"Advocacia e Consultoria\",\"potentialAction\":[{\"@type\":\"SearchAction\",\"target\":{\"@type\":\"EntryPoint\",\"urlTemplate\":\"https:\\\/\\\/doeringdarcie.com.br\\\/?s={search_term_string}\"},\"query-input\":{\"@type\":\"PropertyValueSpecification\",\"valueRequired\":true,\"valueName\":\"search_term_string\"}}],\"inLanguage\":\"en-US\"},{\"@type\":\"Person\",\"@id\":\"https:\\\/\\\/doeringdarcie.com.br\\\/#\\\/schema\\\/person\\\/ed3865e5630be47a6a347d998f4d300e\",\"name\":\"Doering &amp; Darcie\",\"image\":{\"@type\":\"ImageObject\",\"inLanguage\":\"en-US\",\"@id\":\"https:\\\/\\\/secure.gravatar.com\\\/avatar\\\/b674b9071e762d0de86cc2f6984321f56ea15ab75cf1dc550832e1e893eea9c9?s=96&d=mm&r=g\",\"url\":\"https:\\\/\\\/secure.gravatar.com\\\/avatar\\\/b674b9071e762d0de86cc2f6984321f56ea15ab75cf1dc550832e1e893eea9c9?s=96&d=mm&r=g\",\"contentUrl\":\"https:\\\/\\\/secure.gravatar.com\\\/avatar\\\/b674b9071e762d0de86cc2f6984321f56ea15ab75cf1dc550832e1e893eea9c9?s=96&d=mm&r=g\",\"caption\":\"Doering &amp; Darcie\"},\"description\":\"A Doering &amp; Darice \u00e9 especializada em consultoria jur\u00eddica e solu\u00e7\u00f5es empresariais, ajudando neg\u00f3cios a crescerem com seguran\u00e7a e planejamento estrat\u00e9gico. Com um time altamente qualificado, oferece assessoria em diversas \u00e1reas do direito e gest\u00e3o empresarial. Para mais informa\u00e7\u00f5es, entre em contato pelo telefone (51) 3337.7645 ou Whatsapp (51) 99326.3901\",\"sameAs\":[\"https:\\\/\\\/doeringdarcie.com.br\"],\"url\":\"https:\\\/\\\/doeringdarcie.com.br\\\/en\\\/author\\\/doering\\\/\"}]}<\/script>\n<!-- \/ Yoast SEO plugin. -->","yoast_head_json":{"title":"Crimes ambientais empresariais: quando responsabilizar o gestor","description":"Veja como os crimes ambientais empresariais podem gerar responsabilidade pessoal ao gestor e como prevenir riscos com seguran\u00e7a jur\u00eddica.","robots":{"index":"index","follow":"follow","max-snippet":"max-snippet:-1","max-image-preview":"max-image-preview:large","max-video-preview":"max-video-preview:-1"},"canonical":"https:\/\/doeringdarcie.com.br\/en\/crimes-ambientais-empresariais-quando-o-gestor-pode-ser-responsabilizado-pessoalmente\/","og_locale":"en_US","og_type":"article","og_title":"Crimes ambientais empresariais: quando responsabilizar o gestor","og_description":"Veja como os crimes ambientais empresariais podem gerar responsabilidade pessoal ao gestor e como prevenir riscos com seguran\u00e7a jur\u00eddica.","og_url":"https:\/\/doeringdarcie.com.br\/en\/crimes-ambientais-empresariais-quando-o-gestor-pode-ser-responsabilizado-pessoalmente\/","og_site_name":"Doering &amp; Darcie","article_published_time":"2026-04-28T11:00:00+00:00","og_image":[{"width":2560,"height":1707,"url":"https:\/\/doeringdarcie.com.br\/wp-content\/uploads\/2026\/04\/crimes-ambientais-empresariais-scaled.webp","type":"image\/webp"}],"author":"Doering &amp; Darcie","twitter_card":"summary_large_image","twitter_misc":{"Written by":"Doering &amp; Darcie","Est. reading time":"7 minutes"},"schema":{"@context":"https:\/\/schema.org","@graph":[{"@type":"Article","@id":"https:\/\/doeringdarcie.com.br\/crimes-ambientais-empresariais-quando-o-gestor-pode-ser-responsabilizado-pessoalmente\/#article","isPartOf":{"@id":"https:\/\/doeringdarcie.com.br\/crimes-ambientais-empresariais-quando-o-gestor-pode-ser-responsabilizado-pessoalmente\/"},"author":{"name":"Doering &amp; Darcie","@id":"https:\/\/doeringdarcie.com.br\/#\/schema\/person\/ed3865e5630be47a6a347d998f4d300e"},"headline":"Crimes ambientais empresariais: quando o gestor pode ser responsabilizado pessoalmente","datePublished":"2026-04-28T11:00:00+00:00","mainEntityOfPage":{"@id":"https:\/\/doeringdarcie.com.br\/crimes-ambientais-empresariais-quando-o-gestor-pode-ser-responsabilizado-pessoalmente\/"},"wordCount":1308,"image":{"@id":"https:\/\/doeringdarcie.com.br\/crimes-ambientais-empresariais-quando-o-gestor-pode-ser-responsabilizado-pessoalmente\/#primaryimage"},"thumbnailUrl":"https:\/\/doeringdarcie.com.br\/wp-content\/uploads\/2026\/04\/crimes-ambientais-empresariais-scaled.webp","articleSection":["Advocacia e Consultoria"],"inLanguage":"en-US"},{"@type":"WebPage","@id":"https:\/\/doeringdarcie.com.br\/crimes-ambientais-empresariais-quando-o-gestor-pode-ser-responsabilizado-pessoalmente\/","url":"https:\/\/doeringdarcie.com.br\/crimes-ambientais-empresariais-quando-o-gestor-pode-ser-responsabilizado-pessoalmente\/","name":"Crimes ambientais empresariais: quando responsabilizar o gestor","isPartOf":{"@id":"https:\/\/doeringdarcie.com.br\/#website"},"primaryImageOfPage":{"@id":"https:\/\/doeringdarcie.com.br\/crimes-ambientais-empresariais-quando-o-gestor-pode-ser-responsabilizado-pessoalmente\/#primaryimage"},"image":{"@id":"https:\/\/doeringdarcie.com.br\/crimes-ambientais-empresariais-quando-o-gestor-pode-ser-responsabilizado-pessoalmente\/#primaryimage"},"thumbnailUrl":"https:\/\/doeringdarcie.com.br\/wp-content\/uploads\/2026\/04\/crimes-ambientais-empresariais-scaled.webp","datePublished":"2026-04-28T11:00:00+00:00","author":{"@id":"https:\/\/doeringdarcie.com.br\/#\/schema\/person\/ed3865e5630be47a6a347d998f4d300e"},"description":"Veja como os crimes ambientais empresariais podem gerar responsabilidade pessoal ao gestor e como prevenir riscos com seguran\u00e7a jur\u00eddica.","breadcrumb":{"@id":"https:\/\/doeringdarcie.com.br\/crimes-ambientais-empresariais-quando-o-gestor-pode-ser-responsabilizado-pessoalmente\/#breadcrumb"},"inLanguage":"en-US","potentialAction":[{"@type":"ReadAction","target":["https:\/\/doeringdarcie.com.br\/crimes-ambientais-empresariais-quando-o-gestor-pode-ser-responsabilizado-pessoalmente\/"]}]},{"@type":"ImageObject","inLanguage":"en-US","@id":"https:\/\/doeringdarcie.com.br\/crimes-ambientais-empresariais-quando-o-gestor-pode-ser-responsabilizado-pessoalmente\/#primaryimage","url":"https:\/\/doeringdarcie.com.br\/wp-content\/uploads\/2026\/04\/crimes-ambientais-empresariais-scaled.webp","contentUrl":"https:\/\/doeringdarcie.com.br\/wp-content\/uploads\/2026\/04\/crimes-ambientais-empresariais-scaled.webp","width":2560,"height":1707,"caption":"Imagem de Freepik"},{"@type":"BreadcrumbList","@id":"https:\/\/doeringdarcie.com.br\/crimes-ambientais-empresariais-quando-o-gestor-pode-ser-responsabilizado-pessoalmente\/#breadcrumb","itemListElement":[{"@type":"ListItem","position":1,"name":"In\u00edcio","item":"https:\/\/doeringdarcie.com.br\/"},{"@type":"ListItem","position":2,"name":"Crimes ambientais empresariais: quando o gestor pode ser responsabilizado pessoalmente"}]},{"@type":"WebSite","@id":"https:\/\/doeringdarcie.com.br\/#website","url":"https:\/\/doeringdarcie.com.br\/","name":"Doering &amp; Darcie","description":"Advocacia e Consultoria","potentialAction":[{"@type":"SearchAction","target":{"@type":"EntryPoint","urlTemplate":"https:\/\/doeringdarcie.com.br\/?s={search_term_string}"},"query-input":{"@type":"PropertyValueSpecification","valueRequired":true,"valueName":"search_term_string"}}],"inLanguage":"en-US"},{"@type":"Person","@id":"https:\/\/doeringdarcie.com.br\/#\/schema\/person\/ed3865e5630be47a6a347d998f4d300e","name":"Doering &amp; Darcie","image":{"@type":"ImageObject","inLanguage":"en-US","@id":"https:\/\/secure.gravatar.com\/avatar\/b674b9071e762d0de86cc2f6984321f56ea15ab75cf1dc550832e1e893eea9c9?s=96&d=mm&r=g","url":"https:\/\/secure.gravatar.com\/avatar\/b674b9071e762d0de86cc2f6984321f56ea15ab75cf1dc550832e1e893eea9c9?s=96&d=mm&r=g","contentUrl":"https:\/\/secure.gravatar.com\/avatar\/b674b9071e762d0de86cc2f6984321f56ea15ab75cf1dc550832e1e893eea9c9?s=96&d=mm&r=g","caption":"Doering &amp; Darcie"},"description":"A Doering &amp; Darice \u00e9 especializada em consultoria jur\u00eddica e solu\u00e7\u00f5es empresariais, ajudando neg\u00f3cios a crescerem com seguran\u00e7a e planejamento estrat\u00e9gico. Com um time altamente qualificado, oferece assessoria em diversas \u00e1reas do direito e gest\u00e3o empresarial. Para mais informa\u00e7\u00f5es, entre em contato pelo telefone (51) 3337.7645 ou Whatsapp (51) 99326.3901","sameAs":["https:\/\/doeringdarcie.com.br"],"url":"https:\/\/doeringdarcie.com.br\/en\/author\/doering\/"}]}},"_links":{"self":[{"href":"https:\/\/doeringdarcie.com.br\/en\/wp-json\/wp\/v2\/posts\/5476","targetHints":{"allow":["GET"]}}],"collection":[{"href":"https:\/\/doeringdarcie.com.br\/en\/wp-json\/wp\/v2\/posts"}],"about":[{"href":"https:\/\/doeringdarcie.com.br\/en\/wp-json\/wp\/v2\/types\/post"}],"author":[{"embeddable":true,"href":"https:\/\/doeringdarcie.com.br\/en\/wp-json\/wp\/v2\/users\/1"}],"replies":[{"embeddable":true,"href":"https:\/\/doeringdarcie.com.br\/en\/wp-json\/wp\/v2\/comments?post=5476"}],"version-history":[{"count":1,"href":"https:\/\/doeringdarcie.com.br\/en\/wp-json\/wp\/v2\/posts\/5476\/revisions"}],"predecessor-version":[{"id":5477,"href":"https:\/\/doeringdarcie.com.br\/en\/wp-json\/wp\/v2\/posts\/5476\/revisions\/5477"}],"wp:featuredmedia":[{"embeddable":true,"href":"https:\/\/doeringdarcie.com.br\/en\/wp-json\/wp\/v2\/media\/5542"}],"wp:attachment":[{"href":"https:\/\/doeringdarcie.com.br\/en\/wp-json\/wp\/v2\/media?parent=5476"}],"wp:term":[{"taxonomy":"category","embeddable":true,"href":"https:\/\/doeringdarcie.com.br\/en\/wp-json\/wp\/v2\/categories?post=5476"},{"taxonomy":"post_tag","embeddable":true,"href":"https:\/\/doeringdarcie.com.br\/en\/wp-json\/wp\/v2\/tags?post=5476"}],"curies":[{"name":"wp","href":"https:\/\/api.w.org\/{rel}","templated":true}]}}