{"id":5553,"date":"2026-05-03T08:00:00","date_gmt":"2026-05-03T11:00:00","guid":{"rendered":"https:\/\/doeringdarcie.com.br\/?p=5553"},"modified":"2026-04-23T10:55:53","modified_gmt":"2026-04-23T13:55:53","slug":"auxilio-acidente-e-auxilio-doenca-qual-a-diferenca-e-quando-cabe-conversao","status":"publish","type":"post","link":"https:\/\/doeringdarcie.com.br\/en\/auxilio-acidente-e-auxilio-doenca-qual-a-diferenca-e-quando-cabe-conversao\/","title":{"rendered":"Aux\u00edlio-acidente e aux\u00edlio-doen\u00e7a: Qual a diferen\u00e7a e quando cabe convers\u00e3o\u00a0"},"content":{"rendered":"<p>Aux\u00edlio acidente e aux\u00edlio doen\u00e7a s\u00e3o benef\u00edcios do INSS que costumam gerar muitas d\u00favidas entre trabalhadores que enfrentam problemas de sa\u00fade ap\u00f3s um acidente ou doen\u00e7a.&nbsp;<\/p>\n\n\n\n<p>Apesar de terem nomes parecidos, eles possuem finalidades diferentes, requisitos espec\u00edficos e impactos distintos na vida profissional e financeira de quem precisa recorrer \u00e0 Previd\u00eancia.<\/p>\n\n\n\n<p>Por isso, entender essas diferen\u00e7as \u00e9 fundamental para n\u00e3o perder direitos, evitar cortes indevidos e saber quando \u00e9 poss\u00edvel pedir a convers\u00e3o de um benef\u00edcio em outro.&nbsp;<\/p>\n\n\n\n<p>Neste guia, vamos explicar de forma clara o que muda entre eles, quando cada um \u00e9 devido e em quais situa\u00e7\u00f5es pode haver convers\u00e3o. Ent\u00e3o, acompanhe com aten\u00e7\u00e3o para ficar por dentro de tudo sobre o assunto!<\/p>\n\n\n\n<h2 class=\"wp-block-heading\"><strong>Aux\u00edlio acidente e aux\u00edlio doen\u00e7a: o que \u00e9 cada benef\u00edcio?<\/strong><\/h2>\n\n\n\n<p>Aux\u00edlio acidente e aux\u00edlio doen\u00e7a s\u00e3o benef\u00edcios previdenci\u00e1rios pagos pelo INSS, mas cada um atende a situa\u00e7\u00f5es diferentes.<\/p>\n\n\n\n<p>O aux\u00edlio-doen\u00e7a, atualmente chamado de benef\u00edcio por incapacidade tempor\u00e1ria, \u00e9 concedido quando o segurado fica temporariamente incapaz de trabalhar por motivo de doen\u00e7a ou acidente.&nbsp;<\/p>\n\n\n\n<p>J\u00e1 o aux\u00edlio-acidente tem natureza indenizat\u00f3ria e \u00e9 pago quando o trabalhador fica com sequelas permanentes que reduzem sua capacidade de trabalho ap\u00f3s consolida\u00e7\u00e3o das les\u00f5es.<\/p>\n\n\n\n<p>Em termos simples:<\/p>\n\n\n\n<ul class=\"wp-block-list\">\n<li>O aux\u00edlio-doen\u00e7a substitui o sal\u00e1rio enquanto a pessoa est\u00e1 temporariamente afastada.<\/li>\n\n\n\n<li>O aux\u00edlio-acidente indeniza a redu\u00e7\u00e3o permanente da capacidade, mesmo que a pessoa continue trabalhando.<\/li>\n<\/ul>\n\n\n\n<h2 class=\"wp-block-heading\"><strong>O que \u00e9 aux\u00edlio-doen\u00e7a?<\/strong><\/h2>\n\n\n\n<p>O aux\u00edlio-doen\u00e7a \u00e9 devido ao segurado que comprovar, por per\u00edcia m\u00e9dica, que est\u00e1 temporariamente incapaz para o trabalho ou atividade habitual por mais de 15 dias consecutivos.<\/p>\n\n\n\n<p>Ele pode estar dispon\u00edvel em duas modalidades:<\/p>\n\n\n\n<ul class=\"wp-block-list\">\n<li>Previdenci\u00e1rio (B31), quando n\u00e3o h\u00e1 rela\u00e7\u00e3o com o trabalho.<\/li>\n\n\n\n<li>Acident\u00e1rio (B91), quando a incapacidade decorre de acidente de trabalho ou doen\u00e7a ocupacional.<\/li>\n<\/ul>\n\n\n\n<p>Durante o per\u00edodo de recebimento, o trabalhador fica afastado das atividades e recebe um valor calculado com base na m\u00e9dia dos sal\u00e1rios de contribui\u00e7\u00e3o.<\/p>\n\n\n\n<h2 class=\"wp-block-heading\"><strong>O que \u00e9 aux\u00edlio-acidente?<\/strong><\/h2>\n\n\n\n<p>O aux\u00edlio-acidente \u00e9 pago quando restam sequelas permanentes que reduzem a capacidade laboral, ap\u00f3s a recupera\u00e7\u00e3o de um acidente ou doen\u00e7a relacionada ao trabalho. Alguns pontos importantes incluem, por exemplo:<\/p>\n\n\n\n<ul class=\"wp-block-list\">\n<li>N\u00e3o exige incapacidade total;<\/li>\n\n\n\n<li>Pode ser acumulado com sal\u00e1rio;<\/li>\n\n\n\n<li>\u00c9 devido at\u00e9 a aposentadoria,<\/li>\n\n\n\n<li>Tem car\u00e1ter indenizat\u00f3rio.<\/li>\n<\/ul>\n\n\n\n<p>Ele \u00e9 comum em casos de fraturas que deixam limita\u00e7\u00e3o de movimento, perda parcial de for\u00e7a, amputa\u00e7\u00f5es, assim como outras sequelas que impactam o desempenho profissional.<\/p>\n\n\n\n<h2 class=\"wp-block-heading\"><strong>Principais diferen\u00e7as entre aux\u00edlio-acidente e aux\u00edlio-doen\u00e7a<\/strong><\/h2>\n\n\n\n<p>Para facilitar a visualiza\u00e7\u00e3o, veja o quadro comparativo abaixo:<\/p>\n\n\n\n<p><img fetchpriority=\"high\" decoding=\"async\" src=\"blob:https:\/\/doeringdarcie.com.br\/bfbee39f-0ab8-467a-8901-1de9462cdd3e\" width=\"567\" height=\"268\">Essa compara\u00e7\u00e3o ajuda a entender que os benef\u00edcios n\u00e3o s\u00e3o concorrentes, mas complementares em determinadas situa\u00e7\u00f5es.<\/p>\n\n\n\n<h2 class=\"wp-block-heading\"><strong>Quando cabe convers\u00e3o de aux\u00edlio-doen\u00e7a em aux\u00edlio-acidente?<\/strong><\/h2>\n\n\n\n<p>Uma das d\u00favidas mais comuns \u00e9 sobre a possibilidade de convers\u00e3o. Isso ocorre quando o segurado recebe aux\u00edlio-doen\u00e7a, mas permanece com sequelas permanentes que reduzem sua capacidade de trabalho ap\u00f3s tratamento e alta m\u00e9dica.<\/p>\n\n\n\n<p>Nesses casos, pode ser cab\u00edvel a convers\u00e3o autom\u00e1tica ou mediante requerimento administrativo do aux\u00edlio-doen\u00e7a para aux\u00edlio-acidente.<\/p>\n\n\n\n<p>A l\u00f3gica \u00e9 a seguinte:<\/p>\n\n\n\n<ol class=\"wp-block-list\">\n<li>O trabalhador sofre acidente ou adoece.<\/li>\n\n\n\n<li>Recebe aux\u00edlio-doen\u00e7a enquanto est\u00e1 incapaz.<\/li>\n\n\n\n<li>Ap\u00f3s estabiliza\u00e7\u00e3o do quadro, fica com sequela permanente.<\/li>\n\n\n\n<li>Passa a ter direito ao aux\u00edlio-acidente.<\/li>\n<\/ol>\n\n\n\n<p>Na pr\u00e1tica, o problema \u00e9 que essa convers\u00e3o nem sempre acontece automaticamente. Muitas vezes, o INSS simplesmente concede alta e encerra o benef\u00edcio sem analisar a exist\u00eancia de sequelas.<\/p>\n\n\n\n<p>Por isso, \u00e9 essencial observar:<\/p>\n\n\n\n<ul class=\"wp-block-list\">\n<li>Se houve redu\u00e7\u00e3o da capacidade para a atividade habitual;<\/li>\n\n\n\n<li>Se h\u00e1 laudos m\u00e9dicos comprovando sequelas permanentes;<\/li>\n\n\n\n<li>Se o acidente teve rela\u00e7\u00e3o com o trabalho,<\/li>\n\n\n\n<li>Se houve per\u00edcia adequada.<\/li>\n<\/ul>\n\n\n\n<p>Mas quando a convers\u00e3o n\u00e3o ocorre administrativamente, pode ser necess\u00e1rio recorrer judicialmente.<\/p>\n\n\n\n<h2 class=\"wp-block-heading\"><strong>Exemplos pr\u00e1ticos para entender melhor<\/strong><\/h2>\n\n\n\n<p>Imagine um trabalhador da constru\u00e7\u00e3o civil que sofre uma fratura no bra\u00e7o. Ele recebe aux\u00edlio-doen\u00e7a durante o per\u00edodo de recupera\u00e7\u00e3o. Ap\u00f3s meses de tratamento, volta ao trabalho, mas com limita\u00e7\u00e3o permanente de movimento.<\/p>\n\n\n\n<ul class=\"wp-block-list\">\n<li>Ele consegue trabalhar? Sim.<\/li>\n\n\n\n<li>Ele tem a mesma capacidade de antes? N\u00e3o.<\/li>\n<\/ul>\n\n\n\n<p>Nesse caso, pode ter direito ao aux\u00edlio-acidente.<\/p>\n\n\n\n<p>Outro exemplo \u00e9 o de um motorista que sofre les\u00e3o na perna e mant\u00e9m dor cr\u00f4nica e perda de for\u00e7a ap\u00f3s cirurgia. Mesmo dirigindo, sua capacidade est\u00e1 reduzida. Por isso, tamb\u00e9m pode haver direito ao benef\u00edcio indenizat\u00f3rio neste caso.<\/p>\n\n\n\n<p>Esses exemplos mostram que o ponto central n\u00e3o \u00e9 a incapacidade total, mas a redu\u00e7\u00e3o permanente da capacidade para a atividade habitual.<\/p>\n\n\n\n<h2 class=\"wp-block-heading\"><strong>O que fazer quando o INSS nega o pedido?<\/strong><\/h2>\n\n\n\n<p>Infelizmente, negativas s\u00e3o frequentes. Mas quando isso acontece, o segurado pode:<\/p>\n\n\n\n<ul class=\"wp-block-list\">\n<li>Apresentar recurso administrativo;<\/li>\n\n\n\n<li>Solicitar nova per\u00edcia;<\/li>\n\n\n\n<li>Buscar orienta\u00e7\u00e3o jur\u00eddica especializada,<\/li>\n\n\n\n<li>Ingressar com a\u00e7\u00e3o judicial.<\/li>\n<\/ul>\n\n\n\n<p>Muitas vezes, a discuss\u00e3o gira em torno da exist\u00eancia (ou n\u00e3o) de sequela permanente e da redu\u00e7\u00e3o efetiva da capacidade laboral. A produ\u00e7\u00e3o de prova t\u00e9cnica adequada faz toda a diferen\u00e7a.<\/p>\n\n\n\n<p>Tamb\u00e9m \u00e9 importante analisar se houve erro na concess\u00e3o inicial, como enquadramento incorreto do benef\u00edcio ou aus\u00eancia de reconhecimento de acidente de trabalho.<\/p>\n\n\n\n<h2 class=\"wp-block-heading\"><strong>Impactos financeiros e previdenci\u00e1rios<\/strong><\/h2>\n\n\n\n<p>O aux\u00edlio-acidente possui impacto relevante na vida do trabalhador porque:<\/p>\n\n\n\n<ul class=\"wp-block-list\">\n<li>Garante renda adicional mensal;<\/li>\n\n\n\n<li>Pode melhorar o c\u00e1lculo de benef\u00edcios futuros,<\/li>\n\n\n\n<li>Reconhece formalmente a redu\u00e7\u00e3o da capacidade.<\/li>\n<\/ul>\n\n\n\n<p>J\u00e1 o aux\u00edlio-doen\u00e7a \u00e9 essencial para assegurar sustento durante o per\u00edodo de afastamento. Dessa forma, evita-se que o segurado fique sem renda em momento de vulnerabilidade.<\/p>\n\n\n\n<p>Portanto, compreender essas diferen\u00e7as ajuda o trabalhador a planejar melhor sua vida profissional e previdenci\u00e1ria.<\/p>\n\n\n\n<h2 class=\"wp-block-heading\"><strong>Aten\u00e7\u00e3o aos prazos e \u00e0 qualidade de segurado<\/strong><\/h2>\n\n\n\n<p>Para ter direito aos benef\u00edcios, \u00e9 necess\u00e1rio manter a qualidade de segurado. Al\u00e9m disso, no caso do aux\u00edlio-doen\u00e7a, pode haver exig\u00eancia de car\u00eancia m\u00ednima, salvo em situa\u00e7\u00f5es espec\u00edficas como acidente de qualquer natureza.<\/p>\n\n\n\n<p>Mas cada caso precisa ser analisado individualmente, considerando hist\u00f3rico contributivo, tipo de les\u00e3o, laudos m\u00e9dicos e atividade exercida.<\/p>\n\n\n\n<h2 class=\"wp-block-heading\"><strong>Por que buscar orienta\u00e7\u00e3o especializada?<\/strong><\/h2>\n\n\n\n<p>A legisla\u00e7\u00e3o previdenci\u00e1ria \u00e9 complexa e est\u00e1 sujeita a mudan\u00e7as. Al\u00e9m disso, muitos direitos deixam de ser reconhecidos por falta de informa\u00e7\u00e3o ou por falhas na per\u00edcia administrativa.<\/p>\n\n\n\n<p>Desse modo, um acompanhamento jur\u00eddico adequado pode:<\/p>\n\n\n\n<ul class=\"wp-block-list\">\n<li>Avaliar corretamente o tipo de benef\u00edcio devido;<\/li>\n\n\n\n<li>Identificar possibilidade de convers\u00e3o;<\/li>\n\n\n\n<li>Calcular valores retroativos,<\/li>\n\n\n\n<li>Evitar perda de prazos.<\/li>\n<\/ul>\n\n\n\n<p>N\u00e3o se trata apenas de entrar com um pedido, mas de estruturar a prova de forma estrat\u00e9gica.<\/p>\n\n\n\n<h2 class=\"wp-block-heading\"><strong>Aux\u00edlio acidente e aux\u00edlio doen\u00e7a: proteger seus direitos \u00e9 essencial<\/strong><\/h2>\n\n\n\n<p>Quando falamos em aux\u00edlio acidente e aux\u00edlio doen\u00e7a, estamos tratando de dois instrumentos fundamentais de <a href=\"https:\/\/doeringdarcie.com.br\/en\/o-que-faz-um-advogado-de-holding-estrategias-juridicas-para-protecao-e-sucessao-patrimonial-2\/\">prote\u00e7\u00e3o<\/a> social.&nbsp;<\/p>\n\n\n\n<p>Cada um cumpre um papel espec\u00edfico: um ampara o trabalhador durante a incapacidade tempor\u00e1ria e o outro indeniza a redu\u00e7\u00e3o permanente da capacidade.<\/p>\n\n\n\n<p>Mas o grande desafio est\u00e1 em identificar corretamente o momento de transi\u00e7\u00e3o entre um e outro e garantir que a convers\u00e3o ocorra quando for cab\u00edvel.&nbsp;<\/p>\n\n\n\n<p>Muitas pessoas recebem alta do aux\u00edlio-doen\u00e7a sem saber que poderiam estar amparadas pelo aux\u00edlio-acidente.<\/p>\n\n\n\n<p>N\u00f3s, da <a href=\"https:\/\/doeringdarcie.com.br\/en\/\">Doering &amp; Darcie Advocacia e Consultoria<\/a>, acompanhamos de perto situa\u00e7\u00f5es como essa todos os dias.&nbsp;<\/p>\n\n\n\n<p>Afinal, sabemos o quanto a inseguran\u00e7a financeira pesa quando um acidente ou doen\u00e7a muda a rotina de trabalho. Por isso, analisamos cada caso com aten\u00e7\u00e3o, estrat\u00e9gia e responsabilidade.<\/p>\n\n\n\n<p>Se voc\u00ea est\u00e1 passando por essa situa\u00e7\u00e3o ou quer entender melhor seus direitos, estamos prontos para caminhar ao seu lado. Informa\u00e7\u00e3o \u00e9 importante, mas orienta\u00e7\u00e3o segura faz toda a diferen\u00e7a na hora de proteger o que \u00e9 seu por direito!<\/p>\n\n\n\n<p><a href=\"https:\/\/doeringdarcie.com.br\/en\/contato\/\">Clique aqui e agende um hor\u00e1rio conosco!<\/a><\/p>","protected":false},"excerpt":{"rendered":"<p>Aux\u00edlio acidente e aux\u00edlio doen\u00e7a: entenda as diferen\u00e7as, quando cabe convers\u00e3o e como garantir seu direito.<\/p>","protected":false},"author":1,"featured_media":5555,"comment_status":"closed","ping_status":"closed","sticky":false,"template":"","format":"standard","meta":{"footnotes":""},"categories":[147],"tags":[],"class_list":["post-5553","post","type-post","status-publish","format-standard","has-post-thumbnail","hentry","category-advocacia-e-consultoria"],"yoast_head":"<!-- This site is optimized with the Yoast SEO plugin v27.4 - https:\/\/yoast.com\/product\/yoast-seo-wordpress\/ -->\n<title>Aux\u00edlio acidente e aux\u00edlio doen\u00e7a: diferen\u00e7as<\/title>\n<meta name=\"description\" content=\"Aux\u00edlio acidente e aux\u00edlio doen\u00e7a: entenda as diferen\u00e7as, quando cabe convers\u00e3o e como garantir seu direito.\" \/>\n<meta name=\"robots\" content=\"index, follow, max-snippet:-1, max-image-preview:large, max-video-preview:-1\" \/>\n<link rel=\"canonical\" href=\"https:\/\/doeringdarcie.com.br\/en\/auxilio-acidente-e-auxilio-doenca-qual-a-diferenca-e-quando-cabe-conversao\/\" \/>\n<meta property=\"og:locale\" content=\"en_US\" \/>\n<meta property=\"og:type\" content=\"article\" \/>\n<meta property=\"og:title\" content=\"Aux\u00edlio acidente e aux\u00edlio doen\u00e7a: diferen\u00e7as\" \/>\n<meta property=\"og:description\" content=\"Aux\u00edlio acidente e aux\u00edlio doen\u00e7a: entenda as diferen\u00e7as, quando cabe convers\u00e3o e como garantir seu direito.\" \/>\n<meta property=\"og:url\" content=\"https:\/\/doeringdarcie.com.br\/en\/auxilio-acidente-e-auxilio-doenca-qual-a-diferenca-e-quando-cabe-conversao\/\" \/>\n<meta property=\"og:site_name\" content=\"Doering &amp; Darcie\" \/>\n<meta property=\"article:published_time\" content=\"2026-05-03T11:00:00+00:00\" \/>\n<meta property=\"og:image\" content=\"https:\/\/doeringdarcie.com.br\/wp-content\/uploads\/2026\/04\/auxilio-acidente-e-auxilio-doenca-1-scaled.jpg\" \/>\n\t<meta property=\"og:image:width\" content=\"2560\" \/>\n\t<meta property=\"og:image:height\" content=\"1707\" \/>\n\t<meta property=\"og:image:type\" content=\"image\/jpeg\" \/>\n<meta name=\"author\" content=\"Doering &amp; Darcie\" \/>\n<meta name=\"twitter:card\" content=\"summary_large_image\" \/>\n<meta name=\"twitter:label1\" content=\"Written by\" \/>\n\t<meta name=\"twitter:data1\" content=\"Doering &amp; Darcie\" \/>\n\t<meta name=\"twitter:label2\" content=\"Est. reading time\" \/>\n\t<meta name=\"twitter:data2\" content=\"7 minutes\" \/>\n<script type=\"application\/ld+json\" class=\"yoast-schema-graph\">{\"@context\":\"https:\\\/\\\/schema.org\",\"@graph\":[{\"@type\":\"Article\",\"@id\":\"https:\\\/\\\/doeringdarcie.com.br\\\/auxilio-acidente-e-auxilio-doenca-qual-a-diferenca-e-quando-cabe-conversao\\\/#article\",\"isPartOf\":{\"@id\":\"https:\\\/\\\/doeringdarcie.com.br\\\/auxilio-acidente-e-auxilio-doenca-qual-a-diferenca-e-quando-cabe-conversao\\\/\"},\"author\":{\"name\":\"Doering &amp; Darcie\",\"@id\":\"https:\\\/\\\/doeringdarcie.com.br\\\/#\\\/schema\\\/person\\\/ed3865e5630be47a6a347d998f4d300e\"},\"headline\":\"Aux\u00edlio-acidente e aux\u00edlio-doen\u00e7a: Qual a diferen\u00e7a e quando cabe convers\u00e3o\u00a0\",\"datePublished\":\"2026-05-03T11:00:00+00:00\",\"mainEntityOfPage\":{\"@id\":\"https:\\\/\\\/doeringdarcie.com.br\\\/auxilio-acidente-e-auxilio-doenca-qual-a-diferenca-e-quando-cabe-conversao\\\/\"},\"wordCount\":1378,\"image\":{\"@id\":\"https:\\\/\\\/doeringdarcie.com.br\\\/auxilio-acidente-e-auxilio-doenca-qual-a-diferenca-e-quando-cabe-conversao\\\/#primaryimage\"},\"thumbnailUrl\":\"https:\\\/\\\/doeringdarcie.com.br\\\/wp-content\\\/uploads\\\/2026\\\/04\\\/auxilio-acidente-e-auxilio-doenca-1-scaled.jpg\",\"articleSection\":[\"Advocacia e Consultoria\"],\"inLanguage\":\"en-US\"},{\"@type\":\"WebPage\",\"@id\":\"https:\\\/\\\/doeringdarcie.com.br\\\/auxilio-acidente-e-auxilio-doenca-qual-a-diferenca-e-quando-cabe-conversao\\\/\",\"url\":\"https:\\\/\\\/doeringdarcie.com.br\\\/auxilio-acidente-e-auxilio-doenca-qual-a-diferenca-e-quando-cabe-conversao\\\/\",\"name\":\"Aux\u00edlio acidente e aux\u00edlio doen\u00e7a: diferen\u00e7as\",\"isPartOf\":{\"@id\":\"https:\\\/\\\/doeringdarcie.com.br\\\/#website\"},\"primaryImageOfPage\":{\"@id\":\"https:\\\/\\\/doeringdarcie.com.br\\\/auxilio-acidente-e-auxilio-doenca-qual-a-diferenca-e-quando-cabe-conversao\\\/#primaryimage\"},\"image\":{\"@id\":\"https:\\\/\\\/doeringdarcie.com.br\\\/auxilio-acidente-e-auxilio-doenca-qual-a-diferenca-e-quando-cabe-conversao\\\/#primaryimage\"},\"thumbnailUrl\":\"https:\\\/\\\/doeringdarcie.com.br\\\/wp-content\\\/uploads\\\/2026\\\/04\\\/auxilio-acidente-e-auxilio-doenca-1-scaled.jpg\",\"datePublished\":\"2026-05-03T11:00:00+00:00\",\"author\":{\"@id\":\"https:\\\/\\\/doeringdarcie.com.br\\\/#\\\/schema\\\/person\\\/ed3865e5630be47a6a347d998f4d300e\"},\"description\":\"Aux\u00edlio acidente e aux\u00edlio doen\u00e7a: entenda as diferen\u00e7as, quando cabe convers\u00e3o e como garantir seu direito.\",\"breadcrumb\":{\"@id\":\"https:\\\/\\\/doeringdarcie.com.br\\\/auxilio-acidente-e-auxilio-doenca-qual-a-diferenca-e-quando-cabe-conversao\\\/#breadcrumb\"},\"inLanguage\":\"en-US\",\"potentialAction\":[{\"@type\":\"ReadAction\",\"target\":[\"https:\\\/\\\/doeringdarcie.com.br\\\/auxilio-acidente-e-auxilio-doenca-qual-a-diferenca-e-quando-cabe-conversao\\\/\"]}]},{\"@type\":\"ImageObject\",\"inLanguage\":\"en-US\",\"@id\":\"https:\\\/\\\/doeringdarcie.com.br\\\/auxilio-acidente-e-auxilio-doenca-qual-a-diferenca-e-quando-cabe-conversao\\\/#primaryimage\",\"url\":\"https:\\\/\\\/doeringdarcie.com.br\\\/wp-content\\\/uploads\\\/2026\\\/04\\\/auxilio-acidente-e-auxilio-doenca-1-scaled.jpg\",\"contentUrl\":\"https:\\\/\\\/doeringdarcie.com.br\\\/wp-content\\\/uploads\\\/2026\\\/04\\\/auxilio-acidente-e-auxilio-doenca-1-scaled.jpg\",\"width\":2560,\"height\":1707,\"caption\":\"Imagem de Freepik\"},{\"@type\":\"BreadcrumbList\",\"@id\":\"https:\\\/\\\/doeringdarcie.com.br\\\/auxilio-acidente-e-auxilio-doenca-qual-a-diferenca-e-quando-cabe-conversao\\\/#breadcrumb\",\"itemListElement\":[{\"@type\":\"ListItem\",\"position\":1,\"name\":\"In\u00edcio\",\"item\":\"https:\\\/\\\/doeringdarcie.com.br\\\/\"},{\"@type\":\"ListItem\",\"position\":2,\"name\":\"Aux\u00edlio-acidente e aux\u00edlio-doen\u00e7a: Qual a diferen\u00e7a e quando cabe convers\u00e3o\u00a0\"}]},{\"@type\":\"WebSite\",\"@id\":\"https:\\\/\\\/doeringdarcie.com.br\\\/#website\",\"url\":\"https:\\\/\\\/doeringdarcie.com.br\\\/\",\"name\":\"Doering &amp; Darcie\",\"description\":\"Advocacia e Consultoria\",\"potentialAction\":[{\"@type\":\"SearchAction\",\"target\":{\"@type\":\"EntryPoint\",\"urlTemplate\":\"https:\\\/\\\/doeringdarcie.com.br\\\/?s={search_term_string}\"},\"query-input\":{\"@type\":\"PropertyValueSpecification\",\"valueRequired\":true,\"valueName\":\"search_term_string\"}}],\"inLanguage\":\"en-US\"},{\"@type\":\"Person\",\"@id\":\"https:\\\/\\\/doeringdarcie.com.br\\\/#\\\/schema\\\/person\\\/ed3865e5630be47a6a347d998f4d300e\",\"name\":\"Doering &amp; Darcie\",\"image\":{\"@type\":\"ImageObject\",\"inLanguage\":\"en-US\",\"@id\":\"https:\\\/\\\/secure.gravatar.com\\\/avatar\\\/b674b9071e762d0de86cc2f6984321f56ea15ab75cf1dc550832e1e893eea9c9?s=96&d=mm&r=g\",\"url\":\"https:\\\/\\\/secure.gravatar.com\\\/avatar\\\/b674b9071e762d0de86cc2f6984321f56ea15ab75cf1dc550832e1e893eea9c9?s=96&d=mm&r=g\",\"contentUrl\":\"https:\\\/\\\/secure.gravatar.com\\\/avatar\\\/b674b9071e762d0de86cc2f6984321f56ea15ab75cf1dc550832e1e893eea9c9?s=96&d=mm&r=g\",\"caption\":\"Doering &amp; Darcie\"},\"description\":\"A Doering &amp; Darice \u00e9 especializada em consultoria jur\u00eddica e solu\u00e7\u00f5es empresariais, ajudando neg\u00f3cios a crescerem com seguran\u00e7a e planejamento estrat\u00e9gico. Com um time altamente qualificado, oferece assessoria em diversas \u00e1reas do direito e gest\u00e3o empresarial. Para mais informa\u00e7\u00f5es, entre em contato pelo telefone (51) 3337.7645 ou Whatsapp (51) 99326.3901\",\"sameAs\":[\"https:\\\/\\\/doeringdarcie.com.br\"],\"url\":\"https:\\\/\\\/doeringdarcie.com.br\\\/en\\\/author\\\/doering\\\/\"}]}<\/script>\n<!-- \/ Yoast SEO plugin. -->","yoast_head_json":{"title":"Aux\u00edlio acidente e aux\u00edlio doen\u00e7a: diferen\u00e7as","description":"Aux\u00edlio acidente e aux\u00edlio doen\u00e7a: entenda as diferen\u00e7as, quando cabe convers\u00e3o e como garantir seu direito.","robots":{"index":"index","follow":"follow","max-snippet":"max-snippet:-1","max-image-preview":"max-image-preview:large","max-video-preview":"max-video-preview:-1"},"canonical":"https:\/\/doeringdarcie.com.br\/en\/auxilio-acidente-e-auxilio-doenca-qual-a-diferenca-e-quando-cabe-conversao\/","og_locale":"en_US","og_type":"article","og_title":"Aux\u00edlio acidente e aux\u00edlio doen\u00e7a: diferen\u00e7as","og_description":"Aux\u00edlio acidente e aux\u00edlio doen\u00e7a: entenda as diferen\u00e7as, quando cabe convers\u00e3o e como garantir seu direito.","og_url":"https:\/\/doeringdarcie.com.br\/en\/auxilio-acidente-e-auxilio-doenca-qual-a-diferenca-e-quando-cabe-conversao\/","og_site_name":"Doering &amp; Darcie","article_published_time":"2026-05-03T11:00:00+00:00","og_image":[{"width":2560,"height":1707,"url":"https:\/\/doeringdarcie.com.br\/wp-content\/uploads\/2026\/04\/auxilio-acidente-e-auxilio-doenca-1-scaled.jpg","type":"image\/jpeg"}],"author":"Doering &amp; Darcie","twitter_card":"summary_large_image","twitter_misc":{"Written by":"Doering &amp; Darcie","Est. reading time":"7 minutes"},"schema":{"@context":"https:\/\/schema.org","@graph":[{"@type":"Article","@id":"https:\/\/doeringdarcie.com.br\/auxilio-acidente-e-auxilio-doenca-qual-a-diferenca-e-quando-cabe-conversao\/#article","isPartOf":{"@id":"https:\/\/doeringdarcie.com.br\/auxilio-acidente-e-auxilio-doenca-qual-a-diferenca-e-quando-cabe-conversao\/"},"author":{"name":"Doering &amp; Darcie","@id":"https:\/\/doeringdarcie.com.br\/#\/schema\/person\/ed3865e5630be47a6a347d998f4d300e"},"headline":"Aux\u00edlio-acidente e aux\u00edlio-doen\u00e7a: Qual a diferen\u00e7a e quando cabe convers\u00e3o\u00a0","datePublished":"2026-05-03T11:00:00+00:00","mainEntityOfPage":{"@id":"https:\/\/doeringdarcie.com.br\/auxilio-acidente-e-auxilio-doenca-qual-a-diferenca-e-quando-cabe-conversao\/"},"wordCount":1378,"image":{"@id":"https:\/\/doeringdarcie.com.br\/auxilio-acidente-e-auxilio-doenca-qual-a-diferenca-e-quando-cabe-conversao\/#primaryimage"},"thumbnailUrl":"https:\/\/doeringdarcie.com.br\/wp-content\/uploads\/2026\/04\/auxilio-acidente-e-auxilio-doenca-1-scaled.jpg","articleSection":["Advocacia e Consultoria"],"inLanguage":"en-US"},{"@type":"WebPage","@id":"https:\/\/doeringdarcie.com.br\/auxilio-acidente-e-auxilio-doenca-qual-a-diferenca-e-quando-cabe-conversao\/","url":"https:\/\/doeringdarcie.com.br\/auxilio-acidente-e-auxilio-doenca-qual-a-diferenca-e-quando-cabe-conversao\/","name":"Aux\u00edlio acidente e aux\u00edlio doen\u00e7a: diferen\u00e7as","isPartOf":{"@id":"https:\/\/doeringdarcie.com.br\/#website"},"primaryImageOfPage":{"@id":"https:\/\/doeringdarcie.com.br\/auxilio-acidente-e-auxilio-doenca-qual-a-diferenca-e-quando-cabe-conversao\/#primaryimage"},"image":{"@id":"https:\/\/doeringdarcie.com.br\/auxilio-acidente-e-auxilio-doenca-qual-a-diferenca-e-quando-cabe-conversao\/#primaryimage"},"thumbnailUrl":"https:\/\/doeringdarcie.com.br\/wp-content\/uploads\/2026\/04\/auxilio-acidente-e-auxilio-doenca-1-scaled.jpg","datePublished":"2026-05-03T11:00:00+00:00","author":{"@id":"https:\/\/doeringdarcie.com.br\/#\/schema\/person\/ed3865e5630be47a6a347d998f4d300e"},"description":"Aux\u00edlio acidente e aux\u00edlio doen\u00e7a: entenda as diferen\u00e7as, quando cabe convers\u00e3o e como garantir seu direito.","breadcrumb":{"@id":"https:\/\/doeringdarcie.com.br\/auxilio-acidente-e-auxilio-doenca-qual-a-diferenca-e-quando-cabe-conversao\/#breadcrumb"},"inLanguage":"en-US","potentialAction":[{"@type":"ReadAction","target":["https:\/\/doeringdarcie.com.br\/auxilio-acidente-e-auxilio-doenca-qual-a-diferenca-e-quando-cabe-conversao\/"]}]},{"@type":"ImageObject","inLanguage":"en-US","@id":"https:\/\/doeringdarcie.com.br\/auxilio-acidente-e-auxilio-doenca-qual-a-diferenca-e-quando-cabe-conversao\/#primaryimage","url":"https:\/\/doeringdarcie.com.br\/wp-content\/uploads\/2026\/04\/auxilio-acidente-e-auxilio-doenca-1-scaled.jpg","contentUrl":"https:\/\/doeringdarcie.com.br\/wp-content\/uploads\/2026\/04\/auxilio-acidente-e-auxilio-doenca-1-scaled.jpg","width":2560,"height":1707,"caption":"Imagem de Freepik"},{"@type":"BreadcrumbList","@id":"https:\/\/doeringdarcie.com.br\/auxilio-acidente-e-auxilio-doenca-qual-a-diferenca-e-quando-cabe-conversao\/#breadcrumb","itemListElement":[{"@type":"ListItem","position":1,"name":"In\u00edcio","item":"https:\/\/doeringdarcie.com.br\/"},{"@type":"ListItem","position":2,"name":"Aux\u00edlio-acidente e aux\u00edlio-doen\u00e7a: Qual a diferen\u00e7a e quando cabe convers\u00e3o\u00a0"}]},{"@type":"WebSite","@id":"https:\/\/doeringdarcie.com.br\/#website","url":"https:\/\/doeringdarcie.com.br\/","name":"Doering &amp; Darcie","description":"Advocacia e Consultoria","potentialAction":[{"@type":"SearchAction","target":{"@type":"EntryPoint","urlTemplate":"https:\/\/doeringdarcie.com.br\/?s={search_term_string}"},"query-input":{"@type":"PropertyValueSpecification","valueRequired":true,"valueName":"search_term_string"}}],"inLanguage":"en-US"},{"@type":"Person","@id":"https:\/\/doeringdarcie.com.br\/#\/schema\/person\/ed3865e5630be47a6a347d998f4d300e","name":"Doering &amp; Darcie","image":{"@type":"ImageObject","inLanguage":"en-US","@id":"https:\/\/secure.gravatar.com\/avatar\/b674b9071e762d0de86cc2f6984321f56ea15ab75cf1dc550832e1e893eea9c9?s=96&d=mm&r=g","url":"https:\/\/secure.gravatar.com\/avatar\/b674b9071e762d0de86cc2f6984321f56ea15ab75cf1dc550832e1e893eea9c9?s=96&d=mm&r=g","contentUrl":"https:\/\/secure.gravatar.com\/avatar\/b674b9071e762d0de86cc2f6984321f56ea15ab75cf1dc550832e1e893eea9c9?s=96&d=mm&r=g","caption":"Doering &amp; Darcie"},"description":"A Doering &amp; Darice \u00e9 especializada em consultoria jur\u00eddica e solu\u00e7\u00f5es empresariais, ajudando neg\u00f3cios a crescerem com seguran\u00e7a e planejamento estrat\u00e9gico. Com um time altamente qualificado, oferece assessoria em diversas \u00e1reas do direito e gest\u00e3o empresarial. Para mais informa\u00e7\u00f5es, entre em contato pelo telefone (51) 3337.7645 ou Whatsapp (51) 99326.3901","sameAs":["https:\/\/doeringdarcie.com.br"],"url":"https:\/\/doeringdarcie.com.br\/en\/author\/doering\/"}]}},"_links":{"self":[{"href":"https:\/\/doeringdarcie.com.br\/en\/wp-json\/wp\/v2\/posts\/5553","targetHints":{"allow":["GET"]}}],"collection":[{"href":"https:\/\/doeringdarcie.com.br\/en\/wp-json\/wp\/v2\/posts"}],"about":[{"href":"https:\/\/doeringdarcie.com.br\/en\/wp-json\/wp\/v2\/types\/post"}],"author":[{"embeddable":true,"href":"https:\/\/doeringdarcie.com.br\/en\/wp-json\/wp\/v2\/users\/1"}],"replies":[{"embeddable":true,"href":"https:\/\/doeringdarcie.com.br\/en\/wp-json\/wp\/v2\/comments?post=5553"}],"version-history":[{"count":1,"href":"https:\/\/doeringdarcie.com.br\/en\/wp-json\/wp\/v2\/posts\/5553\/revisions"}],"predecessor-version":[{"id":5556,"href":"https:\/\/doeringdarcie.com.br\/en\/wp-json\/wp\/v2\/posts\/5553\/revisions\/5556"}],"wp:featuredmedia":[{"embeddable":true,"href":"https:\/\/doeringdarcie.com.br\/en\/wp-json\/wp\/v2\/media\/5555"}],"wp:attachment":[{"href":"https:\/\/doeringdarcie.com.br\/en\/wp-json\/wp\/v2\/media?parent=5553"}],"wp:term":[{"taxonomy":"category","embeddable":true,"href":"https:\/\/doeringdarcie.com.br\/en\/wp-json\/wp\/v2\/categories?post=5553"},{"taxonomy":"post_tag","embeddable":true,"href":"https:\/\/doeringdarcie.com.br\/en\/wp-json\/wp\/v2\/tags?post=5553"}],"curies":[{"name":"wp","href":"https:\/\/api.w.org\/{rel}","templated":true}]}}